{"id":2171,"date":"2024-01-18T12:41:27","date_gmt":"2024-01-18T12:41:27","guid":{"rendered":"https:\/\/www.zeitgeistirland24.com\/auftaktveranstaltung-von-zeitgeist-irland-24-ein-einjaehriges-programm-mit-irischer-kunst-und-kultur-in-ganz-deutschland\/"},"modified":"2024-01-26T16:06:42","modified_gmt":"2024-01-26T16:06:42","slug":"auftaktveranstaltung-von-zeitgeist-irland-24-ein-einjaehriges-programm-mit-irischer-kunst-und-kultur-in-ganz-deutschland","status":"publish","type":"post","link":"https:\/\/www.zeitgeistirland24.com\/de\/auftaktveranstaltung-von-zeitgeist-irland-24-ein-einjaehriges-programm-mit-irischer-kunst-und-kultur-in-ganz-deutschland\/","title":{"rendered":"Auftaktveranstaltung von Zeitgeist Irland 24 &#8211; ein einj\u00e4hriges Programm mit irischer Kunst und Kultur in ganz Deutschland"},"content":{"rendered":"\n<p>Heute Abend wird der T\u00e1naiste und Minister f\u00fcr Ausw\u00e4rtige Angelegenheiten und Verteidigung, Miche\u00e1l Martin TD, die erste Veranstaltung von <em>Zeitgeist Irland 24<\/em> er\u00f6ffnen, einer Saison irischer Kunst und Kultur, die 2024 in ganz Deutschland stattfinden wird.<\/p>\n\n<p>Zeitgeist Irland 24 ist eine Partnerschaft zwischen dem irischen Au\u00dfenministerium und Culture Ireland, die eine gemeinsame strategische Investition von mehr als 2,5 Millionen Euro mobilisiert, um das kulturelle Engagement Irlands mit Deutschland als wichtigem Partner in Europa zu vertiefen.<\/p>\n\n<p>Das vollst\u00e4ndige Programm finden Sie unter <a href=\"http:\/\/www.zeitgeistirland24.com\">www.zeitgeistirland24.com<\/a>.<\/p>\n\n<p>Mehr als 120 Projekte, an denen \u00fcber 400 K\u00fcnstler und Kunstschaffende beteiligt sind, wurden bereits f\u00fcr die Saison best\u00e4tigt. Sie finden in \u00fcber 100 St\u00e4dten und Gemeinden in der gesamten Bundesrepublik statt, umfassen alle Kunstformen und beziehen irische K\u00fcnstler mit ein, die sowohl in Irland als auch in Deutschland leben.<\/p>\n\n<p><strong>Der T\u00e1naiste und Minister f\u00fcr ausw\u00e4rtige Angelegenheiten und Verteidigung, Miche\u00e1l Martin TD, \u00e4u\u00dferte sich dazu:<br\/><\/strong><em><br\/>&#8220;Ich freue mich, gemeinsam mit meiner Kollegin Dr. Anna L\u00fchrmann, Staatsministerin f\u00fcr Europa und Klimaschutz der Bundesrepublik Deutschland, in Berlin zu sein, um Irlands Kultursaison in Deutschland, Zeitgeist Irland 24, zu er\u00f6ffnen, die eine neue Generation irischer K\u00fcnstler dem Publikum in ganz Deutschland n\u00e4her bringt.<\/em><\/p>\n\n<p><em>&#8220;Der Abend wird den Start dieser bedeutenden Initiative feiern, die das Ergebnis einer innovativen Partnerschaft zwischen dem Ministerium f\u00fcr ausw\u00e4rtige Angelegenheiten und dem irischen Kulturministerium ist.<\/em><\/p>\n\n<p><em>Gemeinsam haben wir \u00fcber 2,5 Millionen Euro investiert, um das kulturelle Engagement Irlands mit Deutschland, einem unserer wichtigsten europ\u00e4ischen Partner, zu vertiefen.&#8221;<\/em><br\/><br\/><\/p>\n\n<p><strong>Die Ministerin f\u00fcr Tourismus, Kunst, Kultur, Gaeltacht, Sport und Medien, Catherine Martin, sagte heute:<\/strong><br\/><br\/><em>&#8220;Ich w\u00fcnsche Zeitgeist Irland 24 viel Erfolg. Ich habe keinen Zweifel daran, dass die Veranstaltung heute Abend und das gesamte Programm mit der Teilnahme so vieler hoch angesehener irischer K\u00fcnstler ein durchschlagender Erfolg sein wird. Mein Ministerium freut sich, insbesondere \u00fcber Culture Ireland und Tourism Ireland, mit der irischen Botschaft in Berlin zusammenzuarbeiten, um diese kuratierte Saison in Zusammenarbeit mit einer Vielzahl von deutschen Kultureinrichtungen, Veranstaltungsorten und Festivals zu pr\u00e4sentieren.<br\/><br\/>&#8220;Diese Saison irischer Kunst in Deutschland bietet irischen K\u00fcnstlern eine einzigartige Gelegenheit, ihre Werke dem deutschen Publikum zu pr\u00e4sentieren und langfristige Beziehungen zu deutschen Veranstaltungsorten und Veranstaltern aufzubauen. Das heute angek\u00fcndigte Programm wird eine inspirierende, kuratierte Saison hochwertiger zeitgen\u00f6ssischer irischer Kunst und Kultur pr\u00e4sentieren.<\/em><em><\/em><\/p>\n\n<p><em>&#8220;Culture Ireland ist f\u00fcr die weltweite F\u00f6rderung der irischen Kunst zust\u00e4ndig und wird zusammen mit Tourism Ireland, die beide in meinem Ministerium angesiedelt sind, mehr als 1,5 Mio. \u20ac f\u00fcr ZI24 bereitstellen, zus\u00e4tzlich zu den 1 Mio. \u20ac, die vom Au\u00dfenministerium bereitgestellt werden. Dies ist eine bedeutende Investition der Regierung in den deutschen Markt, um die Chancen f\u00fcr irische K\u00fcnstlerinnen und K\u00fcnstler zu verbessern&#8221;.<\/em><em><\/em><\/p>\n\n<p>Die Er\u00f6ffnungsveranstaltung f\u00fcr Zeitgeist Irland 24 findet im Metropol in Berlin statt, mit einem starken Aufgebot an zeitgen\u00f6ssischen irischen K\u00fcnstlern, darunter:<\/p>\n\n<ul class=\"wp-block-list\">\n<li>Musikerin Aoife N\u00ed Bhriain<\/li>\n\n\n\n<li>Komponistin Jennifer Walshe<\/li>\n\n\n\n<li>Tenor Dean Power<\/li>\n\n\n\n<li>Choreografin\/T\u00e4nzerin Sheena McGrandles<\/li>\n\n\n\n<li>Dichter\/Musiker Adam Mohamed<\/li>\n\n\n\n<li>Musikanten Ye Vagabonds<\/li>\n\n\n\n<li>Choreograph\/T\u00e4nzer\/Musiker Tura<br\/><br\/><a href=\"https:\/\/www.zeitgeistirland24.com\/app\/uploads\/2024\/01\/Zeitgeist_Launch_Programme.pdf\">Einen Link zum Programm der Er\u00f6ffnungsveranstaltung finden Sie hier.<\/a><\/li>\n<\/ul>\n\n<p><\/p>\n","protected":false},"excerpt":{"rendered":"<p>Heute Abend wird der T\u00e1naiste und Minister f\u00fcr Ausw\u00e4rtige Angelegenheiten und Verteidigung, Miche\u00e1l Martin TD, die erste Veranstaltung von Zeitgeist Irland 24 er\u00f6ffnen, einer Saison irischer Kunst und Kultur, die &hellip; <a href=\"https:\/\/www.zeitgeistirland24.com\/de\/auftaktveranstaltung-von-zeitgeist-irland-24-ein-einjaehriges-programm-mit-irischer-kunst-und-kultur-in-ganz-deutschland\/\">Continued<\/a><\/p>\n","protected":false},"author":6,"featured_media":2168,"comment_status":"closed","ping_status":"closed","sticky":false,"template":"","format":"standard","meta":{"_acf_changed":false,"_uag_custom_page_level_css":"","footnotes":""},"categories":[25],"tags":[],"class_list":["post-2171","post","type-post","status-publish","format-standard","has-post-thumbnail","hentry","category-unkategorisiert"],"acf":[],"yoast_head":"<!-- This site is optimized with the Yoast SEO plugin v25.0 - https:\/\/yoast.com\/wordpress\/plugins\/seo\/ -->\n<title>Auftaktveranstaltung von Zeitgeist Irland 24 - ein einj\u00e4hriges Programm mit irischer Kunst und Kultur in ganz Deutschland - Zeitgeist Irland 24<\/title>\n<meta name=\"robots\" content=\"index, follow, max-snippet:-1, max-image-preview:large, max-video-preview:-1\" \/>\n<link rel=\"canonical\" href=\"https:\/\/www.zeitgeistirland24.com\/de\/auftaktveranstaltung-von-zeitgeist-irland-24-ein-einjaehriges-programm-mit-irischer-kunst-und-kultur-in-ganz-deutschland\/\" \/>\n<meta property=\"og:locale\" content=\"de_DE\" \/>\n<meta property=\"og:type\" content=\"article\" \/>\n<meta property=\"og:title\" content=\"Auftaktveranstaltung von Zeitgeist Irland 24 - ein einj\u00e4hriges Programm mit irischer Kunst und Kultur in ganz Deutschland - Zeitgeist Irland 24\" \/>\n<meta property=\"og:description\" content=\"Heute Abend wird der T\u00e1naiste und Minister f\u00fcr Ausw\u00e4rtige Angelegenheiten und Verteidigung, Miche\u00e1l Martin TD, die erste Veranstaltung von Zeitgeist Irland 24 er\u00f6ffnen, einer Saison irischer Kunst und Kultur, die &hellip; Continued\" \/>\n<meta property=\"og:url\" content=\"https:\/\/www.zeitgeistirland24.com\/de\/auftaktveranstaltung-von-zeitgeist-irland-24-ein-einjaehriges-programm-mit-irischer-kunst-und-kultur-in-ganz-deutschland\/\" \/>\n<meta property=\"og:site_name\" content=\"Zeitgeist Irland 24\" \/>\n<meta property=\"article:publisher\" content=\"https:\/\/www.facebook.com\/DepartmentofCultureIRL\/\" \/>\n<meta property=\"article:published_time\" content=\"2024-01-18T12:41:27+00:00\" \/>\n<meta property=\"article:modified_time\" content=\"2024-01-26T16:06:42+00:00\" \/>\n<meta property=\"og:image\" content=\"https:\/\/www.zeitgeistirland24.com\/app\/uploads\/2024\/01\/launch-opening_960-x-640-ZI24-webimage.png\" \/>\n\t<meta property=\"og:image:width\" content=\"960\" \/>\n\t<meta property=\"og:image:height\" content=\"640\" \/>\n\t<meta property=\"og:image:type\" content=\"image\/png\" \/>\n<meta name=\"author\" content=\"Sorcha FitzGerald\" \/>\n<meta name=\"twitter:card\" content=\"summary_large_image\" \/>\n<meta name=\"twitter:creator\" content=\"@DeptCultureIRL\" \/>\n<meta name=\"twitter:site\" content=\"@DeptCultureIRL\" \/>\n<meta name=\"twitter:label1\" content=\"Written by\" \/>\n\t<meta name=\"twitter:data1\" content=\"Sorcha FitzGerald\" \/>\n\t<meta name=\"twitter:label2\" content=\"Est. reading time\" \/>\n\t<meta name=\"twitter:data2\" content=\"3 minutes\" \/>\n<script type=\"application\/ld+json\" class=\"yoast-schema-graph\">{\"@context\":\"https:\/\/schema.org\",\"@graph\":[{\"@type\":\"Article\",\"@id\":\"https:\/\/www.zeitgeistirland24.com\/de\/auftaktveranstaltung-von-zeitgeist-irland-24-ein-einjaehriges-programm-mit-irischer-kunst-und-kultur-in-ganz-deutschland\/#article\",\"isPartOf\":{\"@id\":\"https:\/\/www.zeitgeistirland24.com\/de\/auftaktveranstaltung-von-zeitgeist-irland-24-ein-einjaehriges-programm-mit-irischer-kunst-und-kultur-in-ganz-deutschland\/\"},\"author\":{\"name\":\"Sorcha FitzGerald\",\"@id\":\"https:\/\/www.zeitgeistirland24.com\/#\/schema\/person\/bf723248d6dcd28c9cd10d05fa1222da\"},\"headline\":\"Auftaktveranstaltung von Zeitgeist Irland 24 &#8211; ein einj\u00e4hriges Programm mit irischer Kunst und Kultur in ganz Deutschland\",\"datePublished\":\"2024-01-18T12:41:27+00:00\",\"dateModified\":\"2024-01-26T16:06:42+00:00\",\"mainEntityOfPage\":{\"@id\":\"https:\/\/www.zeitgeistirland24.com\/de\/auftaktveranstaltung-von-zeitgeist-irland-24-ein-einjaehriges-programm-mit-irischer-kunst-und-kultur-in-ganz-deutschland\/\"},\"wordCount\":541,\"publisher\":{\"@id\":\"https:\/\/www.zeitgeistirland24.com\/#organization\"},\"image\":{\"@id\":\"https:\/\/www.zeitgeistirland24.com\/de\/auftaktveranstaltung-von-zeitgeist-irland-24-ein-einjaehriges-programm-mit-irischer-kunst-und-kultur-in-ganz-deutschland\/#primaryimage\"},\"thumbnailUrl\":\"https:\/\/www.zeitgeistirland24.com\/app\/uploads\/2024\/01\/launch-opening_960-x-640-ZI24-webimage.png\",\"articleSection\":[\"Unkategorisiert\"],\"inLanguage\":\"de-DE\"},{\"@type\":\"WebPage\",\"@id\":\"https:\/\/www.zeitgeistirland24.com\/de\/auftaktveranstaltung-von-zeitgeist-irland-24-ein-einjaehriges-programm-mit-irischer-kunst-und-kultur-in-ganz-deutschland\/\",\"url\":\"https:\/\/www.zeitgeistirland24.com\/de\/auftaktveranstaltung-von-zeitgeist-irland-24-ein-einjaehriges-programm-mit-irischer-kunst-und-kultur-in-ganz-deutschland\/\",\"name\":\"Auftaktveranstaltung von Zeitgeist Irland 24 - ein einj\u00e4hriges Programm mit irischer Kunst und Kultur in ganz Deutschland - Zeitgeist Irland 24\",\"isPartOf\":{\"@id\":\"https:\/\/www.zeitgeistirland24.com\/#website\"},\"primaryImageOfPage\":{\"@id\":\"https:\/\/www.zeitgeistirland24.com\/de\/auftaktveranstaltung-von-zeitgeist-irland-24-ein-einjaehriges-programm-mit-irischer-kunst-und-kultur-in-ganz-deutschland\/#primaryimage\"},\"image\":{\"@id\":\"https:\/\/www.zeitgeistirland24.com\/de\/auftaktveranstaltung-von-zeitgeist-irland-24-ein-einjaehriges-programm-mit-irischer-kunst-und-kultur-in-ganz-deutschland\/#primaryimage\"},\"thumbnailUrl\":\"https:\/\/www.zeitgeistirland24.com\/app\/uploads\/2024\/01\/launch-opening_960-x-640-ZI24-webimage.png\",\"datePublished\":\"2024-01-18T12:41:27+00:00\",\"dateModified\":\"2024-01-26T16:06:42+00:00\",\"breadcrumb\":{\"@id\":\"https:\/\/www.zeitgeistirland24.com\/de\/auftaktveranstaltung-von-zeitgeist-irland-24-ein-einjaehriges-programm-mit-irischer-kunst-und-kultur-in-ganz-deutschland\/#breadcrumb\"},\"inLanguage\":\"de-DE\",\"potentialAction\":[{\"@type\":\"ReadAction\",\"target\":[\"https:\/\/www.zeitgeistirland24.com\/de\/auftaktveranstaltung-von-zeitgeist-irland-24-ein-einjaehriges-programm-mit-irischer-kunst-und-kultur-in-ganz-deutschland\/\"]}]},{\"@type\":\"ImageObject\",\"inLanguage\":\"de-DE\",\"@id\":\"https:\/\/www.zeitgeistirland24.com\/de\/auftaktveranstaltung-von-zeitgeist-irland-24-ein-einjaehriges-programm-mit-irischer-kunst-und-kultur-in-ganz-deutschland\/#primaryimage\",\"url\":\"https:\/\/www.zeitgeistirland24.com\/app\/uploads\/2024\/01\/launch-opening_960-x-640-ZI24-webimage.png\",\"contentUrl\":\"https:\/\/www.zeitgeistirland24.com\/app\/uploads\/2024\/01\/launch-opening_960-x-640-ZI24-webimage.png\",\"width\":960,\"height\":640,\"caption\":\"Photo: Sebastian Pf\u00fctze\"},{\"@type\":\"BreadcrumbList\",\"@id\":\"https:\/\/www.zeitgeistirland24.com\/de\/auftaktveranstaltung-von-zeitgeist-irland-24-ein-einjaehriges-programm-mit-irischer-kunst-und-kultur-in-ganz-deutschland\/#breadcrumb\",\"itemListElement\":[{\"@type\":\"ListItem\",\"position\":1,\"name\":\"Home\",\"item\":\"https:\/\/www.zeitgeistirland24.com\/de\/\"},{\"@type\":\"ListItem\",\"position\":2,\"name\":\"Auftaktveranstaltung von Zeitgeist Irland 24 &#8211; ein einj\u00e4hriges Programm mit irischer Kunst und Kultur in ganz Deutschland\"}]},{\"@type\":\"WebSite\",\"@id\":\"https:\/\/www.zeitgeistirland24.com\/#website\",\"url\":\"https:\/\/www.zeitgeistirland24.com\/\",\"name\":\"Zeitgeist Irland 24\",\"description\":\"A season of Irish arts and culture in Germany throughout 2024\",\"publisher\":{\"@id\":\"https:\/\/www.zeitgeistirland24.com\/#organization\"},\"potentialAction\":[{\"@type\":\"SearchAction\",\"target\":{\"@type\":\"EntryPoint\",\"urlTemplate\":\"https:\/\/www.zeitgeistirland24.com\/?s={search_term_string}\"},\"query-input\":{\"@type\":\"PropertyValueSpecification\",\"valueRequired\":true,\"valueName\":\"search_term_string\"}}],\"inLanguage\":\"de-DE\"},{\"@type\":\"Organization\",\"@id\":\"https:\/\/www.zeitgeistirland24.com\/#organization\",\"name\":\"Zeitgeist Irland 24\",\"url\":\"https:\/\/www.zeitgeistirland24.com\/\",\"logo\":{\"@type\":\"ImageObject\",\"inLanguage\":\"de-DE\",\"@id\":\"https:\/\/www.zeitgeistirland24.com\/#\/schema\/logo\/image\/\",\"url\":\"https:\/\/www.zeitgeistirland24.com\/app\/uploads\/2023\/11\/zeitgeist-logo.png\",\"contentUrl\":\"https:\/\/www.zeitgeistirland24.com\/app\/uploads\/2023\/11\/zeitgeist-logo.png\",\"width\":640,\"height\":352,\"caption\":\"Zeitgeist Irland 24\"},\"image\":{\"@id\":\"https:\/\/www.zeitgeistirland24.com\/#\/schema\/logo\/image\/\"},\"sameAs\":[\"https:\/\/www.facebook.com\/DepartmentofCultureIRL\/\",\"https:\/\/x.com\/DeptCultureIRL\",\"https:\/\/www.instagram.com\/tourism.culture.gaeltacht\"]},{\"@type\":\"Person\",\"@id\":\"https:\/\/www.zeitgeistirland24.com\/#\/schema\/person\/bf723248d6dcd28c9cd10d05fa1222da\",\"name\":\"Sorcha FitzGerald\",\"image\":{\"@type\":\"ImageObject\",\"inLanguage\":\"de-DE\",\"@id\":\"https:\/\/www.zeitgeistirland24.com\/#\/schema\/person\/image\/\",\"url\":\"https:\/\/secure.gravatar.com\/avatar\/b12d38ffc3f012925dbf570e0c9f657f?s=96&d=mm&r=g\",\"contentUrl\":\"https:\/\/secure.gravatar.com\/avatar\/b12d38ffc3f012925dbf570e0c9f657f?s=96&d=mm&r=g\",\"caption\":\"Sorcha FitzGerald\"},\"url\":\"https:\/\/www.zeitgeistirland24.com\/de\/author\/sorchaf\/\"}]}<\/script>\n<!-- \/ Yoast SEO plugin. -->","yoast_head_json":{"title":"Auftaktveranstaltung von Zeitgeist Irland 24 - ein einj\u00e4hriges Programm mit irischer Kunst und Kultur in ganz Deutschland - Zeitgeist Irland 24","robots":{"index":"index","follow":"follow","max-snippet":"max-snippet:-1","max-image-preview":"max-image-preview:large","max-video-preview":"max-video-preview:-1"},"canonical":"https:\/\/www.zeitgeistirland24.com\/de\/auftaktveranstaltung-von-zeitgeist-irland-24-ein-einjaehriges-programm-mit-irischer-kunst-und-kultur-in-ganz-deutschland\/","og_locale":"de_DE","og_type":"article","og_title":"Auftaktveranstaltung von Zeitgeist Irland 24 - ein einj\u00e4hriges Programm mit irischer Kunst und Kultur in ganz Deutschland - Zeitgeist Irland 24","og_description":"Heute Abend wird der T\u00e1naiste und Minister f\u00fcr Ausw\u00e4rtige Angelegenheiten und Verteidigung, Miche\u00e1l Martin TD, die erste Veranstaltung von Zeitgeist Irland 24 er\u00f6ffnen, einer Saison irischer Kunst und Kultur, die &hellip; Continued","og_url":"https:\/\/www.zeitgeistirland24.com\/de\/auftaktveranstaltung-von-zeitgeist-irland-24-ein-einjaehriges-programm-mit-irischer-kunst-und-kultur-in-ganz-deutschland\/","og_site_name":"Zeitgeist Irland 24","article_publisher":"https:\/\/www.facebook.com\/DepartmentofCultureIRL\/","article_published_time":"2024-01-18T12:41:27+00:00","article_modified_time":"2024-01-26T16:06:42+00:00","og_image":[{"width":960,"height":640,"url":"https:\/\/www.zeitgeistirland24.com\/app\/uploads\/2024\/01\/launch-opening_960-x-640-ZI24-webimage.png","type":"image\/png"}],"author":"Sorcha FitzGerald","twitter_card":"summary_large_image","twitter_creator":"@DeptCultureIRL","twitter_site":"@DeptCultureIRL","twitter_misc":{"Written by":"Sorcha FitzGerald","Est. reading time":"3 minutes"},"schema":{"@context":"https:\/\/schema.org","@graph":[{"@type":"Article","@id":"https:\/\/www.zeitgeistirland24.com\/de\/auftaktveranstaltung-von-zeitgeist-irland-24-ein-einjaehriges-programm-mit-irischer-kunst-und-kultur-in-ganz-deutschland\/#article","isPartOf":{"@id":"https:\/\/www.zeitgeistirland24.com\/de\/auftaktveranstaltung-von-zeitgeist-irland-24-ein-einjaehriges-programm-mit-irischer-kunst-und-kultur-in-ganz-deutschland\/"},"author":{"name":"Sorcha FitzGerald","@id":"https:\/\/www.zeitgeistirland24.com\/#\/schema\/person\/bf723248d6dcd28c9cd10d05fa1222da"},"headline":"Auftaktveranstaltung von Zeitgeist Irland 24 &#8211; ein einj\u00e4hriges Programm mit irischer Kunst und Kultur in ganz Deutschland","datePublished":"2024-01-18T12:41:27+00:00","dateModified":"2024-01-26T16:06:42+00:00","mainEntityOfPage":{"@id":"https:\/\/www.zeitgeistirland24.com\/de\/auftaktveranstaltung-von-zeitgeist-irland-24-ein-einjaehriges-programm-mit-irischer-kunst-und-kultur-in-ganz-deutschland\/"},"wordCount":541,"publisher":{"@id":"https:\/\/www.zeitgeistirland24.com\/#organization"},"image":{"@id":"https:\/\/www.zeitgeistirland24.com\/de\/auftaktveranstaltung-von-zeitgeist-irland-24-ein-einjaehriges-programm-mit-irischer-kunst-und-kultur-in-ganz-deutschland\/#primaryimage"},"thumbnailUrl":"https:\/\/www.zeitgeistirland24.com\/app\/uploads\/2024\/01\/launch-opening_960-x-640-ZI24-webimage.png","articleSection":["Unkategorisiert"],"inLanguage":"de-DE"},{"@type":"WebPage","@id":"https:\/\/www.zeitgeistirland24.com\/de\/auftaktveranstaltung-von-zeitgeist-irland-24-ein-einjaehriges-programm-mit-irischer-kunst-und-kultur-in-ganz-deutschland\/","url":"https:\/\/www.zeitgeistirland24.com\/de\/auftaktveranstaltung-von-zeitgeist-irland-24-ein-einjaehriges-programm-mit-irischer-kunst-und-kultur-in-ganz-deutschland\/","name":"Auftaktveranstaltung von Zeitgeist Irland 24 - ein einj\u00e4hriges Programm mit irischer Kunst und Kultur in ganz Deutschland - Zeitgeist Irland 24","isPartOf":{"@id":"https:\/\/www.zeitgeistirland24.com\/#website"},"primaryImageOfPage":{"@id":"https:\/\/www.zeitgeistirland24.com\/de\/auftaktveranstaltung-von-zeitgeist-irland-24-ein-einjaehriges-programm-mit-irischer-kunst-und-kultur-in-ganz-deutschland\/#primaryimage"},"image":{"@id":"https:\/\/www.zeitgeistirland24.com\/de\/auftaktveranstaltung-von-zeitgeist-irland-24-ein-einjaehriges-programm-mit-irischer-kunst-und-kultur-in-ganz-deutschland\/#primaryimage"},"thumbnailUrl":"https:\/\/www.zeitgeistirland24.com\/app\/uploads\/2024\/01\/launch-opening_960-x-640-ZI24-webimage.png","datePublished":"2024-01-18T12:41:27+00:00","dateModified":"2024-01-26T16:06:42+00:00","breadcrumb":{"@id":"https:\/\/www.zeitgeistirland24.com\/de\/auftaktveranstaltung-von-zeitgeist-irland-24-ein-einjaehriges-programm-mit-irischer-kunst-und-kultur-in-ganz-deutschland\/#breadcrumb"},"inLanguage":"de-DE","potentialAction":[{"@type":"ReadAction","target":["https:\/\/www.zeitgeistirland24.com\/de\/auftaktveranstaltung-von-zeitgeist-irland-24-ein-einjaehriges-programm-mit-irischer-kunst-und-kultur-in-ganz-deutschland\/"]}]},{"@type":"ImageObject","inLanguage":"de-DE","@id":"https:\/\/www.zeitgeistirland24.com\/de\/auftaktveranstaltung-von-zeitgeist-irland-24-ein-einjaehriges-programm-mit-irischer-kunst-und-kultur-in-ganz-deutschland\/#primaryimage","url":"https:\/\/www.zeitgeistirland24.com\/app\/uploads\/2024\/01\/launch-opening_960-x-640-ZI24-webimage.png","contentUrl":"https:\/\/www.zeitgeistirland24.com\/app\/uploads\/2024\/01\/launch-opening_960-x-640-ZI24-webimage.png","width":960,"height":640,"caption":"Photo: Sebastian Pf\u00fctze"},{"@type":"BreadcrumbList","@id":"https:\/\/www.zeitgeistirland24.com\/de\/auftaktveranstaltung-von-zeitgeist-irland-24-ein-einjaehriges-programm-mit-irischer-kunst-und-kultur-in-ganz-deutschland\/#breadcrumb","itemListElement":[{"@type":"ListItem","position":1,"name":"Home","item":"https:\/\/www.zeitgeistirland24.com\/de\/"},{"@type":"ListItem","position":2,"name":"Auftaktveranstaltung von Zeitgeist Irland 24 &#8211; ein einj\u00e4hriges Programm mit irischer Kunst und Kultur in ganz Deutschland"}]},{"@type":"WebSite","@id":"https:\/\/www.zeitgeistirland24.com\/#website","url":"https:\/\/www.zeitgeistirland24.com\/","name":"Zeitgeist Irland 24","description":"A season of Irish arts and culture in Germany throughout 2024","publisher":{"@id":"https:\/\/www.zeitgeistirland24.com\/#organization"},"potentialAction":[{"@type":"SearchAction","target":{"@type":"EntryPoint","urlTemplate":"https:\/\/www.zeitgeistirland24.com\/?s={search_term_string}"},"query-input":{"@type":"PropertyValueSpecification","valueRequired":true,"valueName":"search_term_string"}}],"inLanguage":"de-DE"},{"@type":"Organization","@id":"https:\/\/www.zeitgeistirland24.com\/#organization","name":"Zeitgeist Irland 24","url":"https:\/\/www.zeitgeistirland24.com\/","logo":{"@type":"ImageObject","inLanguage":"de-DE","@id":"https:\/\/www.zeitgeistirland24.com\/#\/schema\/logo\/image\/","url":"https:\/\/www.zeitgeistirland24.com\/app\/uploads\/2023\/11\/zeitgeist-logo.png","contentUrl":"https:\/\/www.zeitgeistirland24.com\/app\/uploads\/2023\/11\/zeitgeist-logo.png","width":640,"height":352,"caption":"Zeitgeist Irland 24"},"image":{"@id":"https:\/\/www.zeitgeistirland24.com\/#\/schema\/logo\/image\/"},"sameAs":["https:\/\/www.facebook.com\/DepartmentofCultureIRL\/","https:\/\/x.com\/DeptCultureIRL","https:\/\/www.instagram.com\/tourism.culture.gaeltacht"]},{"@type":"Person","@id":"https:\/\/www.zeitgeistirland24.com\/#\/schema\/person\/bf723248d6dcd28c9cd10d05fa1222da","name":"Sorcha FitzGerald","image":{"@type":"ImageObject","inLanguage":"de-DE","@id":"https:\/\/www.zeitgeistirland24.com\/#\/schema\/person\/image\/","url":"https:\/\/secure.gravatar.com\/avatar\/b12d38ffc3f012925dbf570e0c9f657f?s=96&d=mm&r=g","contentUrl":"https:\/\/secure.gravatar.com\/avatar\/b12d38ffc3f012925dbf570e0c9f657f?s=96&d=mm&r=g","caption":"Sorcha FitzGerald"},"url":"https:\/\/www.zeitgeistirland24.com\/de\/author\/sorchaf\/"}]}},"uagb_featured_image_src":{"full":["https:\/\/www.zeitgeistirland24.com\/app\/uploads\/2024\/01\/launch-opening_960-x-640-ZI24-webimage.png",960,640,false],"thumbnail":["https:\/\/www.zeitgeistirland24.com\/app\/uploads\/2024\/01\/launch-opening_960-x-640-ZI24-webimage-150x150.png",150,150,true],"medium":["https:\/\/www.zeitgeistirland24.com\/app\/uploads\/2024\/01\/launch-opening_960-x-640-ZI24-webimage-300x200.png",300,200,true],"medium_large":["https:\/\/www.zeitgeistirland24.com\/app\/uploads\/2024\/01\/launch-opening_960-x-640-ZI24-webimage-768x512.png",768,512,true],"large":["https:\/\/www.zeitgeistirland24.com\/app\/uploads\/2024\/01\/launch-opening_960-x-640-ZI24-webimage.png",960,640,false],"1536x1536":["https:\/\/www.zeitgeistirland24.com\/app\/uploads\/2024\/01\/launch-opening_960-x-640-ZI24-webimage.png",960,640,false],"2048x2048":["https:\/\/www.zeitgeistirland24.com\/app\/uploads\/2024\/01\/launch-opening_960-x-640-ZI24-webimage.png",960,640,false],"gform-image-choice-sm":["https:\/\/www.zeitgeistirland24.com\/app\/uploads\/2024\/01\/launch-opening_960-x-640-ZI24-webimage.png",300,200,false],"gform-image-choice-md":["https:\/\/www.zeitgeistirland24.com\/app\/uploads\/2024\/01\/launch-opening_960-x-640-ZI24-webimage.png",400,267,false],"gform-image-choice-lg":["https:\/\/www.zeitgeistirland24.com\/app\/uploads\/2024\/01\/launch-opening_960-x-640-ZI24-webimage.png",600,400,false]},"uagb_author_info":{"display_name":"Sorcha FitzGerald","author_link":"https:\/\/www.zeitgeistirland24.com\/de\/author\/sorchaf\/"},"uagb_comment_info":0,"uagb_excerpt":"Heute Abend wird der T\u00e1naiste und Minister f\u00fcr Ausw\u00e4rtige Angelegenheiten und Verteidigung, Miche\u00e1l Martin TD, die erste Veranstaltung von Zeitgeist Irland 24 er\u00f6ffnen, einer Saison irischer Kunst und Kultur, die &hellip; Continued","_links":{"self":[{"href":"https:\/\/www.zeitgeistirland24.com\/de\/wp-json\/wp\/v2\/posts\/2171","targetHints":{"allow":["GET"]}}],"collection":[{"href":"https:\/\/www.zeitgeistirland24.com\/de\/wp-json\/wp\/v2\/posts"}],"about":[{"href":"https:\/\/www.zeitgeistirland24.com\/de\/wp-json\/wp\/v2\/types\/post"}],"author":[{"embeddable":true,"href":"https:\/\/www.zeitgeistirland24.com\/de\/wp-json\/wp\/v2\/users\/6"}],"replies":[{"embeddable":true,"href":"https:\/\/www.zeitgeistirland24.com\/de\/wp-json\/wp\/v2\/comments?post=2171"}],"version-history":[{"count":1,"href":"https:\/\/www.zeitgeistirland24.com\/de\/wp-json\/wp\/v2\/posts\/2171\/revisions"}],"predecessor-version":[{"id":2172,"href":"https:\/\/www.zeitgeistirland24.com\/de\/wp-json\/wp\/v2\/posts\/2171\/revisions\/2172"}],"wp:featuredmedia":[{"embeddable":true,"href":"https:\/\/www.zeitgeistirland24.com\/de\/wp-json\/wp\/v2\/media\/2168"}],"wp:attachment":[{"href":"https:\/\/www.zeitgeistirland24.com\/de\/wp-json\/wp\/v2\/media?parent=2171"}],"wp:term":[{"taxonomy":"category","embeddable":true,"href":"https:\/\/www.zeitgeistirland24.com\/de\/wp-json\/wp\/v2\/categories?post=2171"},{"taxonomy":"post_tag","embeddable":true,"href":"https:\/\/www.zeitgeistirland24.com\/de\/wp-json\/wp\/v2\/tags?post=2171"}],"curies":[{"name":"wp","href":"https:\/\/api.w.org\/{rel}","templated":true}]}}