{"id":3726,"date":"2024-10-01T09:31:08","date_gmt":"2024-10-01T08:31:08","guid":{"rendered":"https:\/\/www.zeitgeistirland24.com\/deutsche-premiere-des-neuen-films-der-im-rahmen-von-zeitgeist-irland-24-in-auftrag-gegeben-wurde\/"},"modified":"2024-10-01T09:41:41","modified_gmt":"2024-10-01T08:41:41","slug":"deutsche-premiere-des-neuen-films-der-im-rahmen-von-zeitgeist-irland-24-in-auftrag-gegeben-wurde","status":"publish","type":"post","link":"https:\/\/www.zeitgeistirland24.com\/de\/deutsche-premiere-des-neuen-films-der-im-rahmen-von-zeitgeist-irland-24-in-auftrag-gegeben-wurde\/","title":{"rendered":"Deutsche Premiere des neuen Films, der im Rahmen von Zeitgeist Irland 24 in Auftrag gegeben wurde"},"content":{"rendered":"\n<p>Der Kunstdokumentarfilm <em>If I Fall Don&#8217;t Pick Me Up<\/em> des irischen K\u00fcnstlers und Filmemachers Declan Clarke untersucht die Beziehung zwischen dem ber\u00fchmten irischen Schriftsteller Samuel Beckett und dem renommierten deutschen Theaterregisseur Walter D. Asmus. Der neue Film wurde von der Botschaft in Berlin im Rahmen von Zeitgeist Irland 24 in Auftrag gegeben, um diese Verbindung zwischen Deutschland und Irland zu erforschen, und wird am 11. Oktober auf dem UNDERDOX-Filmfestival in M\u00fcnchen seine Deutschlandpremiere feiern.  <\/p>\n\n\n\n<p><em>If I Fall, Don&#8217;t Pick Me Up<\/em> beleuchtet Becketts Arbeit in Deutschland, einschlie\u00dflich seiner Aufenthalte an der Akademie der K\u00fcnste in Berlin und seiner bahnbrechenden Arbeiten f\u00fcr das Fernsehen beim S\u00fcddeutschen Rundfunk, bei denen er von Asmus unterst\u00fctzt wurde. Der Film erhielt im Juni beim renommierten Filmfestival FID Marseille eine besondere Erw\u00e4hnung im internationalen Wettbewerb und wird im November beim Cork International Film Festival seine irische Premiere. <\/p>\n\n\n\n<p>Weitere Informationen <a href=\"https:\/\/www.zeitgeistirland24.com\/de\/event\/deutsche-filmpremiere-if-i-fall-dont-pick-me-up\/\">hier<\/a><\/p>\n","protected":false},"excerpt":{"rendered":"<p>\u201eIf I Fall Don&#8217;t Pick me Up\u201c erkundet die Beziehung zwischen dem ber\u00fchmten irischen Autor Samuel Beckett und dem renommierten deutschen Theaterregisseur Walter D. Asmus.<\/p>\n","protected":false},"author":12,"featured_media":3648,"comment_status":"closed","ping_status":"closed","sticky":false,"template":"","format":"standard","meta":{"_acf_changed":false,"_uag_custom_page_level_css":"","footnotes":""},"categories":[25],"tags":[],"class_list":["post-3726","post","type-post","status-publish","format-standard","has-post-thumbnail","hentry","category-unkategorisiert"],"acf":[],"yoast_head":"<!-- This site is optimized with the Yoast SEO plugin v25.0 - https:\/\/yoast.com\/wordpress\/plugins\/seo\/ -->\n<title>Deutsche Premiere des neuen Films, der im Rahmen von Zeitgeist Irland 24 in Auftrag gegeben wurde - Zeitgeist Irland 24<\/title>\n<meta name=\"robots\" content=\"index, follow, max-snippet:-1, max-image-preview:large, max-video-preview:-1\" \/>\n<link rel=\"canonical\" href=\"https:\/\/www.zeitgeistirland24.com\/de\/deutsche-premiere-des-neuen-films-der-im-rahmen-von-zeitgeist-irland-24-in-auftrag-gegeben-wurde\/\" \/>\n<meta property=\"og:locale\" content=\"de_DE\" \/>\n<meta property=\"og:type\" content=\"article\" \/>\n<meta property=\"og:title\" content=\"Deutsche Premiere des neuen Films, der im Rahmen von Zeitgeist Irland 24 in Auftrag gegeben wurde - Zeitgeist Irland 24\" \/>\n<meta property=\"og:description\" content=\"\u201eIf I Fall Don&#039;t Pick me Up\u201c erkundet die Beziehung zwischen dem ber\u00fchmten irischen Autor Samuel Beckett und dem renommierten deutschen Theaterregisseur Walter D. Asmus.\" \/>\n<meta property=\"og:url\" content=\"https:\/\/www.zeitgeistirland24.com\/de\/deutsche-premiere-des-neuen-films-der-im-rahmen-von-zeitgeist-irland-24-in-auftrag-gegeben-wurde\/\" \/>\n<meta property=\"og:site_name\" content=\"Zeitgeist Irland 24\" \/>\n<meta property=\"article:publisher\" content=\"https:\/\/www.facebook.com\/DepartmentofCultureIRL\/\" \/>\n<meta property=\"article:published_time\" content=\"2024-10-01T08:31:08+00:00\" \/>\n<meta property=\"article:modified_time\" content=\"2024-10-01T08:41:41+00:00\" \/>\n<meta property=\"og:image\" content=\"https:\/\/www.zeitgeistirland24.com\/app\/uploads\/2024\/09\/ZI24-webimage-960-x-640_if-i-fall-dont-pick-me-up.png\" \/>\n\t<meta property=\"og:image:width\" content=\"960\" \/>\n\t<meta property=\"og:image:height\" content=\"640\" \/>\n\t<meta property=\"og:image:type\" content=\"image\/png\" \/>\n<meta name=\"author\" content=\"Ciaran Walsh\" \/>\n<meta name=\"twitter:card\" content=\"summary_large_image\" \/>\n<meta name=\"twitter:creator\" content=\"@DeptCultureIRL\" \/>\n<meta name=\"twitter:site\" content=\"@DeptCultureIRL\" \/>\n<meta name=\"twitter:label1\" content=\"Written by\" \/>\n\t<meta name=\"twitter:data1\" content=\"Ciaran Walsh\" \/>\n\t<meta name=\"twitter:label2\" content=\"Est. reading time\" \/>\n\t<meta name=\"twitter:data2\" content=\"1 minute\" \/>\n<script type=\"application\/ld+json\" class=\"yoast-schema-graph\">{\"@context\":\"https:\/\/schema.org\",\"@graph\":[{\"@type\":\"Article\",\"@id\":\"https:\/\/www.zeitgeistirland24.com\/de\/deutsche-premiere-des-neuen-films-der-im-rahmen-von-zeitgeist-irland-24-in-auftrag-gegeben-wurde\/#article\",\"isPartOf\":{\"@id\":\"https:\/\/www.zeitgeistirland24.com\/de\/deutsche-premiere-des-neuen-films-der-im-rahmen-von-zeitgeist-irland-24-in-auftrag-gegeben-wurde\/\"},\"author\":{\"name\":\"Ciaran Walsh\",\"@id\":\"https:\/\/www.zeitgeistirland24.com\/#\/schema\/person\/505e27743a02f2a2b7d0e4212e5950b8\"},\"headline\":\"Deutsche Premiere des neuen Films, der im Rahmen von Zeitgeist Irland 24 in Auftrag gegeben wurde\",\"datePublished\":\"2024-10-01T08:31:08+00:00\",\"dateModified\":\"2024-10-01T08:41:41+00:00\",\"mainEntityOfPage\":{\"@id\":\"https:\/\/www.zeitgeistirland24.com\/de\/deutsche-premiere-des-neuen-films-der-im-rahmen-von-zeitgeist-irland-24-in-auftrag-gegeben-wurde\/\"},\"wordCount\":168,\"publisher\":{\"@id\":\"https:\/\/www.zeitgeistirland24.com\/#organization\"},\"image\":{\"@id\":\"https:\/\/www.zeitgeistirland24.com\/de\/deutsche-premiere-des-neuen-films-der-im-rahmen-von-zeitgeist-irland-24-in-auftrag-gegeben-wurde\/#primaryimage\"},\"thumbnailUrl\":\"https:\/\/www.zeitgeistirland24.com\/app\/uploads\/2024\/09\/ZI24-webimage-960-x-640_if-i-fall-dont-pick-me-up.png\",\"articleSection\":[\"Unkategorisiert\"],\"inLanguage\":\"de-DE\"},{\"@type\":\"WebPage\",\"@id\":\"https:\/\/www.zeitgeistirland24.com\/de\/deutsche-premiere-des-neuen-films-der-im-rahmen-von-zeitgeist-irland-24-in-auftrag-gegeben-wurde\/\",\"url\":\"https:\/\/www.zeitgeistirland24.com\/de\/deutsche-premiere-des-neuen-films-der-im-rahmen-von-zeitgeist-irland-24-in-auftrag-gegeben-wurde\/\",\"name\":\"Deutsche Premiere des neuen Films, der im Rahmen von Zeitgeist Irland 24 in Auftrag gegeben wurde - Zeitgeist Irland 24\",\"isPartOf\":{\"@id\":\"https:\/\/www.zeitgeistirland24.com\/#website\"},\"primaryImageOfPage\":{\"@id\":\"https:\/\/www.zeitgeistirland24.com\/de\/deutsche-premiere-des-neuen-films-der-im-rahmen-von-zeitgeist-irland-24-in-auftrag-gegeben-wurde\/#primaryimage\"},\"image\":{\"@id\":\"https:\/\/www.zeitgeistirland24.com\/de\/deutsche-premiere-des-neuen-films-der-im-rahmen-von-zeitgeist-irland-24-in-auftrag-gegeben-wurde\/#primaryimage\"},\"thumbnailUrl\":\"https:\/\/www.zeitgeistirland24.com\/app\/uploads\/2024\/09\/ZI24-webimage-960-x-640_if-i-fall-dont-pick-me-up.png\",\"datePublished\":\"2024-10-01T08:31:08+00:00\",\"dateModified\":\"2024-10-01T08:41:41+00:00\",\"breadcrumb\":{\"@id\":\"https:\/\/www.zeitgeistirland24.com\/de\/deutsche-premiere-des-neuen-films-der-im-rahmen-von-zeitgeist-irland-24-in-auftrag-gegeben-wurde\/#breadcrumb\"},\"inLanguage\":\"de-DE\",\"potentialAction\":[{\"@type\":\"ReadAction\",\"target\":[\"https:\/\/www.zeitgeistirland24.com\/de\/deutsche-premiere-des-neuen-films-der-im-rahmen-von-zeitgeist-irland-24-in-auftrag-gegeben-wurde\/\"]}]},{\"@type\":\"ImageObject\",\"inLanguage\":\"de-DE\",\"@id\":\"https:\/\/www.zeitgeistirland24.com\/de\/deutsche-premiere-des-neuen-films-der-im-rahmen-von-zeitgeist-irland-24-in-auftrag-gegeben-wurde\/#primaryimage\",\"url\":\"https:\/\/www.zeitgeistirland24.com\/app\/uploads\/2024\/09\/ZI24-webimage-960-x-640_if-i-fall-dont-pick-me-up.png\",\"contentUrl\":\"https:\/\/www.zeitgeistirland24.com\/app\/uploads\/2024\/09\/ZI24-webimage-960-x-640_if-i-fall-dont-pick-me-up.png\",\"width\":960,\"height\":640,\"caption\":\"Film still courtesy the artist\"},{\"@type\":\"BreadcrumbList\",\"@id\":\"https:\/\/www.zeitgeistirland24.com\/de\/deutsche-premiere-des-neuen-films-der-im-rahmen-von-zeitgeist-irland-24-in-auftrag-gegeben-wurde\/#breadcrumb\",\"itemListElement\":[{\"@type\":\"ListItem\",\"position\":1,\"name\":\"Home\",\"item\":\"https:\/\/www.zeitgeistirland24.com\/de\/\"},{\"@type\":\"ListItem\",\"position\":2,\"name\":\"Deutsche Premiere des neuen Films, der im Rahmen von Zeitgeist Irland 24 in Auftrag gegeben wurde\"}]},{\"@type\":\"WebSite\",\"@id\":\"https:\/\/www.zeitgeistirland24.com\/#website\",\"url\":\"https:\/\/www.zeitgeistirland24.com\/\",\"name\":\"Zeitgeist Irland 24\",\"description\":\"A season of Irish arts and culture in Germany throughout 2024\",\"publisher\":{\"@id\":\"https:\/\/www.zeitgeistirland24.com\/#organization\"},\"potentialAction\":[{\"@type\":\"SearchAction\",\"target\":{\"@type\":\"EntryPoint\",\"urlTemplate\":\"https:\/\/www.zeitgeistirland24.com\/?s={search_term_string}\"},\"query-input\":{\"@type\":\"PropertyValueSpecification\",\"valueRequired\":true,\"valueName\":\"search_term_string\"}}],\"inLanguage\":\"de-DE\"},{\"@type\":\"Organization\",\"@id\":\"https:\/\/www.zeitgeistirland24.com\/#organization\",\"name\":\"Zeitgeist Irland 24\",\"url\":\"https:\/\/www.zeitgeistirland24.com\/\",\"logo\":{\"@type\":\"ImageObject\",\"inLanguage\":\"de-DE\",\"@id\":\"https:\/\/www.zeitgeistirland24.com\/#\/schema\/logo\/image\/\",\"url\":\"https:\/\/www.zeitgeistirland24.com\/app\/uploads\/2023\/11\/zeitgeist-logo.png\",\"contentUrl\":\"https:\/\/www.zeitgeistirland24.com\/app\/uploads\/2023\/11\/zeitgeist-logo.png\",\"width\":640,\"height\":352,\"caption\":\"Zeitgeist Irland 24\"},\"image\":{\"@id\":\"https:\/\/www.zeitgeistirland24.com\/#\/schema\/logo\/image\/\"},\"sameAs\":[\"https:\/\/www.facebook.com\/DepartmentofCultureIRL\/\",\"https:\/\/x.com\/DeptCultureIRL\",\"https:\/\/www.instagram.com\/tourism.culture.gaeltacht\"]},{\"@type\":\"Person\",\"@id\":\"https:\/\/www.zeitgeistirland24.com\/#\/schema\/person\/505e27743a02f2a2b7d0e4212e5950b8\",\"name\":\"Ciaran Walsh\",\"image\":{\"@type\":\"ImageObject\",\"inLanguage\":\"de-DE\",\"@id\":\"https:\/\/www.zeitgeistirland24.com\/#\/schema\/person\/image\/\",\"url\":\"https:\/\/secure.gravatar.com\/avatar\/4bfab93bbf119a19cd455b3317de4030?s=96&d=mm&r=g\",\"contentUrl\":\"https:\/\/secure.gravatar.com\/avatar\/4bfab93bbf119a19cd455b3317de4030?s=96&d=mm&r=g\",\"caption\":\"Ciaran Walsh\"},\"url\":\"https:\/\/www.zeitgeistirland24.com\/de\/author\/ciaranw\/\"}]}<\/script>\n<!-- \/ Yoast SEO plugin. -->","yoast_head_json":{"title":"Deutsche Premiere des neuen Films, der im Rahmen von Zeitgeist Irland 24 in Auftrag gegeben wurde - Zeitgeist Irland 24","robots":{"index":"index","follow":"follow","max-snippet":"max-snippet:-1","max-image-preview":"max-image-preview:large","max-video-preview":"max-video-preview:-1"},"canonical":"https:\/\/www.zeitgeistirland24.com\/de\/deutsche-premiere-des-neuen-films-der-im-rahmen-von-zeitgeist-irland-24-in-auftrag-gegeben-wurde\/","og_locale":"de_DE","og_type":"article","og_title":"Deutsche Premiere des neuen Films, der im Rahmen von Zeitgeist Irland 24 in Auftrag gegeben wurde - Zeitgeist Irland 24","og_description":"\u201eIf I Fall Don't Pick me Up\u201c erkundet die Beziehung zwischen dem ber\u00fchmten irischen Autor Samuel Beckett und dem renommierten deutschen Theaterregisseur Walter D. Asmus.","og_url":"https:\/\/www.zeitgeistirland24.com\/de\/deutsche-premiere-des-neuen-films-der-im-rahmen-von-zeitgeist-irland-24-in-auftrag-gegeben-wurde\/","og_site_name":"Zeitgeist Irland 24","article_publisher":"https:\/\/www.facebook.com\/DepartmentofCultureIRL\/","article_published_time":"2024-10-01T08:31:08+00:00","article_modified_time":"2024-10-01T08:41:41+00:00","og_image":[{"width":960,"height":640,"url":"https:\/\/www.zeitgeistirland24.com\/app\/uploads\/2024\/09\/ZI24-webimage-960-x-640_if-i-fall-dont-pick-me-up.png","type":"image\/png"}],"author":"Ciaran Walsh","twitter_card":"summary_large_image","twitter_creator":"@DeptCultureIRL","twitter_site":"@DeptCultureIRL","twitter_misc":{"Written by":"Ciaran Walsh","Est. reading time":"1 minute"},"schema":{"@context":"https:\/\/schema.org","@graph":[{"@type":"Article","@id":"https:\/\/www.zeitgeistirland24.com\/de\/deutsche-premiere-des-neuen-films-der-im-rahmen-von-zeitgeist-irland-24-in-auftrag-gegeben-wurde\/#article","isPartOf":{"@id":"https:\/\/www.zeitgeistirland24.com\/de\/deutsche-premiere-des-neuen-films-der-im-rahmen-von-zeitgeist-irland-24-in-auftrag-gegeben-wurde\/"},"author":{"name":"Ciaran Walsh","@id":"https:\/\/www.zeitgeistirland24.com\/#\/schema\/person\/505e27743a02f2a2b7d0e4212e5950b8"},"headline":"Deutsche Premiere des neuen Films, der im Rahmen von Zeitgeist Irland 24 in Auftrag gegeben wurde","datePublished":"2024-10-01T08:31:08+00:00","dateModified":"2024-10-01T08:41:41+00:00","mainEntityOfPage":{"@id":"https:\/\/www.zeitgeistirland24.com\/de\/deutsche-premiere-des-neuen-films-der-im-rahmen-von-zeitgeist-irland-24-in-auftrag-gegeben-wurde\/"},"wordCount":168,"publisher":{"@id":"https:\/\/www.zeitgeistirland24.com\/#organization"},"image":{"@id":"https:\/\/www.zeitgeistirland24.com\/de\/deutsche-premiere-des-neuen-films-der-im-rahmen-von-zeitgeist-irland-24-in-auftrag-gegeben-wurde\/#primaryimage"},"thumbnailUrl":"https:\/\/www.zeitgeistirland24.com\/app\/uploads\/2024\/09\/ZI24-webimage-960-x-640_if-i-fall-dont-pick-me-up.png","articleSection":["Unkategorisiert"],"inLanguage":"de-DE"},{"@type":"WebPage","@id":"https:\/\/www.zeitgeistirland24.com\/de\/deutsche-premiere-des-neuen-films-der-im-rahmen-von-zeitgeist-irland-24-in-auftrag-gegeben-wurde\/","url":"https:\/\/www.zeitgeistirland24.com\/de\/deutsche-premiere-des-neuen-films-der-im-rahmen-von-zeitgeist-irland-24-in-auftrag-gegeben-wurde\/","name":"Deutsche Premiere des neuen Films, der im Rahmen von Zeitgeist Irland 24 in Auftrag gegeben wurde - Zeitgeist Irland 24","isPartOf":{"@id":"https:\/\/www.zeitgeistirland24.com\/#website"},"primaryImageOfPage":{"@id":"https:\/\/www.zeitgeistirland24.com\/de\/deutsche-premiere-des-neuen-films-der-im-rahmen-von-zeitgeist-irland-24-in-auftrag-gegeben-wurde\/#primaryimage"},"image":{"@id":"https:\/\/www.zeitgeistirland24.com\/de\/deutsche-premiere-des-neuen-films-der-im-rahmen-von-zeitgeist-irland-24-in-auftrag-gegeben-wurde\/#primaryimage"},"thumbnailUrl":"https:\/\/www.zeitgeistirland24.com\/app\/uploads\/2024\/09\/ZI24-webimage-960-x-640_if-i-fall-dont-pick-me-up.png","datePublished":"2024-10-01T08:31:08+00:00","dateModified":"2024-10-01T08:41:41+00:00","breadcrumb":{"@id":"https:\/\/www.zeitgeistirland24.com\/de\/deutsche-premiere-des-neuen-films-der-im-rahmen-von-zeitgeist-irland-24-in-auftrag-gegeben-wurde\/#breadcrumb"},"inLanguage":"de-DE","potentialAction":[{"@type":"ReadAction","target":["https:\/\/www.zeitgeistirland24.com\/de\/deutsche-premiere-des-neuen-films-der-im-rahmen-von-zeitgeist-irland-24-in-auftrag-gegeben-wurde\/"]}]},{"@type":"ImageObject","inLanguage":"de-DE","@id":"https:\/\/www.zeitgeistirland24.com\/de\/deutsche-premiere-des-neuen-films-der-im-rahmen-von-zeitgeist-irland-24-in-auftrag-gegeben-wurde\/#primaryimage","url":"https:\/\/www.zeitgeistirland24.com\/app\/uploads\/2024\/09\/ZI24-webimage-960-x-640_if-i-fall-dont-pick-me-up.png","contentUrl":"https:\/\/www.zeitgeistirland24.com\/app\/uploads\/2024\/09\/ZI24-webimage-960-x-640_if-i-fall-dont-pick-me-up.png","width":960,"height":640,"caption":"Film still courtesy the artist"},{"@type":"BreadcrumbList","@id":"https:\/\/www.zeitgeistirland24.com\/de\/deutsche-premiere-des-neuen-films-der-im-rahmen-von-zeitgeist-irland-24-in-auftrag-gegeben-wurde\/#breadcrumb","itemListElement":[{"@type":"ListItem","position":1,"name":"Home","item":"https:\/\/www.zeitgeistirland24.com\/de\/"},{"@type":"ListItem","position":2,"name":"Deutsche Premiere des neuen Films, der im Rahmen von Zeitgeist Irland 24 in Auftrag gegeben wurde"}]},{"@type":"WebSite","@id":"https:\/\/www.zeitgeistirland24.com\/#website","url":"https:\/\/www.zeitgeistirland24.com\/","name":"Zeitgeist Irland 24","description":"A season of Irish arts and culture in Germany throughout 2024","publisher":{"@id":"https:\/\/www.zeitgeistirland24.com\/#organization"},"potentialAction":[{"@type":"SearchAction","target":{"@type":"EntryPoint","urlTemplate":"https:\/\/www.zeitgeistirland24.com\/?s={search_term_string}"},"query-input":{"@type":"PropertyValueSpecification","valueRequired":true,"valueName":"search_term_string"}}],"inLanguage":"de-DE"},{"@type":"Organization","@id":"https:\/\/www.zeitgeistirland24.com\/#organization","name":"Zeitgeist Irland 24","url":"https:\/\/www.zeitgeistirland24.com\/","logo":{"@type":"ImageObject","inLanguage":"de-DE","@id":"https:\/\/www.zeitgeistirland24.com\/#\/schema\/logo\/image\/","url":"https:\/\/www.zeitgeistirland24.com\/app\/uploads\/2023\/11\/zeitgeist-logo.png","contentUrl":"https:\/\/www.zeitgeistirland24.com\/app\/uploads\/2023\/11\/zeitgeist-logo.png","width":640,"height":352,"caption":"Zeitgeist Irland 24"},"image":{"@id":"https:\/\/www.zeitgeistirland24.com\/#\/schema\/logo\/image\/"},"sameAs":["https:\/\/www.facebook.com\/DepartmentofCultureIRL\/","https:\/\/x.com\/DeptCultureIRL","https:\/\/www.instagram.com\/tourism.culture.gaeltacht"]},{"@type":"Person","@id":"https:\/\/www.zeitgeistirland24.com\/#\/schema\/person\/505e27743a02f2a2b7d0e4212e5950b8","name":"Ciaran Walsh","image":{"@type":"ImageObject","inLanguage":"de-DE","@id":"https:\/\/www.zeitgeistirland24.com\/#\/schema\/person\/image\/","url":"https:\/\/secure.gravatar.com\/avatar\/4bfab93bbf119a19cd455b3317de4030?s=96&d=mm&r=g","contentUrl":"https:\/\/secure.gravatar.com\/avatar\/4bfab93bbf119a19cd455b3317de4030?s=96&d=mm&r=g","caption":"Ciaran Walsh"},"url":"https:\/\/www.zeitgeistirland24.com\/de\/author\/ciaranw\/"}]}},"uagb_featured_image_src":{"full":["https:\/\/www.zeitgeistirland24.com\/app\/uploads\/2024\/09\/ZI24-webimage-960-x-640_if-i-fall-dont-pick-me-up.png",960,640,false],"thumbnail":["https:\/\/www.zeitgeistirland24.com\/app\/uploads\/2024\/09\/ZI24-webimage-960-x-640_if-i-fall-dont-pick-me-up-150x150.png",150,150,true],"medium":["https:\/\/www.zeitgeistirland24.com\/app\/uploads\/2024\/09\/ZI24-webimage-960-x-640_if-i-fall-dont-pick-me-up-300x200.png",300,200,true],"medium_large":["https:\/\/www.zeitgeistirland24.com\/app\/uploads\/2024\/09\/ZI24-webimage-960-x-640_if-i-fall-dont-pick-me-up-768x512.png",768,512,true],"large":["https:\/\/www.zeitgeistirland24.com\/app\/uploads\/2024\/09\/ZI24-webimage-960-x-640_if-i-fall-dont-pick-me-up.png",960,640,false],"1536x1536":["https:\/\/www.zeitgeistirland24.com\/app\/uploads\/2024\/09\/ZI24-webimage-960-x-640_if-i-fall-dont-pick-me-up.png",960,640,false],"2048x2048":["https:\/\/www.zeitgeistirland24.com\/app\/uploads\/2024\/09\/ZI24-webimage-960-x-640_if-i-fall-dont-pick-me-up.png",960,640,false],"gform-image-choice-sm":["https:\/\/www.zeitgeistirland24.com\/app\/uploads\/2024\/09\/ZI24-webimage-960-x-640_if-i-fall-dont-pick-me-up.png",300,200,false],"gform-image-choice-md":["https:\/\/www.zeitgeistirland24.com\/app\/uploads\/2024\/09\/ZI24-webimage-960-x-640_if-i-fall-dont-pick-me-up.png",400,267,false],"gform-image-choice-lg":["https:\/\/www.zeitgeistirland24.com\/app\/uploads\/2024\/09\/ZI24-webimage-960-x-640_if-i-fall-dont-pick-me-up.png",600,400,false]},"uagb_author_info":{"display_name":"Ciaran Walsh","author_link":"https:\/\/www.zeitgeistirland24.com\/de\/author\/ciaranw\/"},"uagb_comment_info":0,"uagb_excerpt":"\u201eIf I Fall Don't Pick me Up\u201c erkundet die Beziehung zwischen dem ber\u00fchmten irischen Autor Samuel Beckett und dem renommierten deutschen Theaterregisseur Walter D. Asmus.","_links":{"self":[{"href":"https:\/\/www.zeitgeistirland24.com\/de\/wp-json\/wp\/v2\/posts\/3726","targetHints":{"allow":["GET"]}}],"collection":[{"href":"https:\/\/www.zeitgeistirland24.com\/de\/wp-json\/wp\/v2\/posts"}],"about":[{"href":"https:\/\/www.zeitgeistirland24.com\/de\/wp-json\/wp\/v2\/types\/post"}],"author":[{"embeddable":true,"href":"https:\/\/www.zeitgeistirland24.com\/de\/wp-json\/wp\/v2\/users\/12"}],"replies":[{"embeddable":true,"href":"https:\/\/www.zeitgeistirland24.com\/de\/wp-json\/wp\/v2\/comments?post=3726"}],"version-history":[{"count":2,"href":"https:\/\/www.zeitgeistirland24.com\/de\/wp-json\/wp\/v2\/posts\/3726\/revisions"}],"predecessor-version":[{"id":3728,"href":"https:\/\/www.zeitgeistirland24.com\/de\/wp-json\/wp\/v2\/posts\/3726\/revisions\/3728"}],"wp:featuredmedia":[{"embeddable":true,"href":"https:\/\/www.zeitgeistirland24.com\/de\/wp-json\/wp\/v2\/media\/3648"}],"wp:attachment":[{"href":"https:\/\/www.zeitgeistirland24.com\/de\/wp-json\/wp\/v2\/media?parent=3726"}],"wp:term":[{"taxonomy":"category","embeddable":true,"href":"https:\/\/www.zeitgeistirland24.com\/de\/wp-json\/wp\/v2\/categories?post=3726"},{"taxonomy":"post_tag","embeddable":true,"href":"https:\/\/www.zeitgeistirland24.com\/de\/wp-json\/wp\/v2\/tags?post=3726"}],"curies":[{"name":"wp","href":"https:\/\/api.w.org\/{rel}","templated":true}]}}